{"id":6772,"date":"2026-08-20T16:03:02","date_gmt":"2026-08-20T16:03:02","guid":{"rendered":"https:\/\/jfkfoundation.ca\/jfk-ski-for-the-childrens\/"},"modified":"2026-08-31T18:01:18","modified_gmt":"2026-08-31T18:01:18","slug":"jfk-ski-for-the-childrens","status":"publish","type":"post","link":"https:\/\/jfkfoundation.ca\/fr\/jfk-ski-for-the-childrens\/","title":{"rendered":"Ski PES pour les enfants"},"content":{"rendered":"<div class=\"elementor-widget-wrap elementor-element-populated\">\n<div class=\"elementor-element elementor-element-5c40fde elementor-widget elementor-widget-text-editor\" data-id=\"5c40fde\" data-element_type=\"widget\" data-widget_type=\"text-editor.default\">\n<div class=\"elementor-widget-container\">\n<style>\/*! elementor - v3.14.0 - 18-06-2023 *\/<br \/>.elementor-widget-text-editor.elementor-drop-cap-view-stacked .elementor-drop-cap{background-color:#69727d;color:#fff}.elementor-widget-text-editor.elementor-drop-cap-view-framed .elementor-drop-cap{color:#69727d;border:3px solid;background-color:transparent}.elementor-widget-text-editor:not(.elementor-drop-cap-view-default) .elementor-drop-cap{margin-top:8px}.elementor-widget-text-editor:not(.elementor-drop-cap-view-default) .elementor-drop-cap-letter{width:1em;height:1em}.elementor-widget-text-editor .elementor-drop-cap{float:left;text-align:center;line-height:1;font-size:50px}.elementor-widget-text-editor .elementor-drop-cap-letter{display:inline-block}<\/style>\n<p><span style=\"font-weight: 400;\"><br \/>\n<\/span><br \/>\nUn \u00e9v\u00e9nement familial et amical de collecte de fonds \u00e0 Mont-Blanc en soutien \u00e0 la fondation Pour enfants seulement. Une journ\u00e9e de ski, un diner, un apr\u00e8s-ski et bien plus encore! <\/p>\n<p>Le 3 octobre 2008, quelques heures \u00e0 peine apr\u00e8s la naissance de Zoe Saskin, les m\u00e9decins ont d\u00e9couvert une masse dans sa poitrine n\u00e9cessitant une intervention chirurgicale d\u2019urgence. Ses chances de survie \u00e9taient minces. Gr\u00e2ce \u00e0 la comp\u00e9tence de l\u2019\u00e9quipe m\u00e9dicale et \u00e0 l\u2019\u00e9quipement de pointe de l\u2019H\u00f4pital de Montr\u00e9al pour enfants, Zoe est aujourd\u2019hui une jeune fille de 15 ans en bonne sant\u00e9 et \u00e9panouie.  <\/p>\n<p>Inspir\u00e9s par leur profonde gratitude pour les soins re\u00e7us par Zoe et leur amour du ski, les parents de Zoe, accompagn\u00e9s d\u2019autres personnes d\u00e9vou\u00e9es, ont form\u00e9 un comit\u00e9 qui a mis sur pied la premi\u00e8re \u00e9dition de l\u2019\u00e9v\u00e9nement annuel Ski PES pour les enfants. Depuis, le comit\u00e9, de g\u00e9n\u00e9reux commanditaires, les participants et les donateurs ont recueilli plus de 1,5 millions de dollars au profit d\u2019un \u00e9ventail de programmes et de besoins \u00e0 l\u2019H\u00f4pital de Montr\u00e9al pour enfants. EN SAVOIR PLUS!<br \/>\n<\/span><br \/>\n<!--\n\n<div class=\"btn-box\"><a class=\"btn-one\" href=\"https:\/\/jfk.akaraisin.com\/ui\/JFKSkifortheChildrens26\" target=\"_blank\" rel=\"noopener\"><span class=\"txt\">FIND OUT MORE!<\/span><\/a><\/div>\n\n-->\n<\/div>\n<\/div>\n<div class=\"elementor-element elementor-element-2d36641 elementor-widget elementor-widget-cause_details_box_three\" data-id=\"2d36641\" data-element_type=\"widget\" data-widget_type=\"cause_details_box_three.default\">\n<div class=\"elementor-widget-container\">\n<div class=\"cause-details-text-box-3\">\n<div class=\"cause-details-title\">\n<h3>Ski PES pour les enfants<\/h3>\n<div class=\"cause-details-title-shape wow zoomIn animated\" style=\"visibility: visible; animation-duration: 2000ms; animation-name: zoomIn;\" data-wow-duration=\"2000ms\"><img decoding=\"async\" class=\"attachment-full size-full\" src=\"https:\/\/dev.jfkfoundation.ca\/wp-content\/uploads\/2021\/06\/planning-programs2.png\" alt=\"\" width=\"49\" height=\"48\"><\/div>\n<\/div>\n<p>Rassemblez votre famille et vos amis lors d\u2019une magnifique journ\u00e9e de ski en soutien \u00e0 l\u2019H\u00f4pital de Montr\u00e9al pour enfants. Ne manquez pas l\u2019occasion de joindre le plaisir de skier au plaisir de donner. <\/p>\n<div class=\"cause-details-featured-box\">\n<div class=\"row\">\n<div class=\"col-xl-6\">\n<div class=\"single-box\">\n<div class=\"icon\">\n<p><img decoding=\"async\" class=\"attachment-full size-full\" src=\"https:\/\/dev.jfkfoundation.ca\/wp-content\/uploads\/2021\/06\/cause-1-bg.png\" alt=\"\" width=\"63\" height=\"79\"><\/p>\n<div class=\"icon-bg\"><img decoding=\"async\" class=\"attachment-full size-full\" src=\"https:\/\/dev.jfkfoundation.ca\/wp-content\/uploads\/2021\/06\/cause-1.png\" alt=\"\" width=\"61\" height=\"59\"><\/div>\n<\/div>\n<div class=\"text\">\n<h3>O\u00f9<\/h3>\n<p>Mont Blanc<br \/>&nbsp;<\/p>\n<\/div>\n<\/div>\n<\/div>\n<div class=\"col-xl-6\">\n<div class=\"single-box\">\n<div class=\"icon\">\n<p><img loading=\"lazy\" decoding=\"async\" class=\"attachment-full size-full\" src=\"https:\/\/dev.jfkfoundation.ca\/wp-content\/uploads\/2021\/06\/cause-4-bg.png\" alt=\"\" width=\"73\" height=\"56\"><\/p>\n<div class=\"icon-bg\"><img loading=\"lazy\" decoding=\"async\" class=\"attachment-full size-full\" src=\"https:\/\/dev.jfkfoundation.ca\/wp-content\/uploads\/2021\/06\/cause-4.png\" alt=\"\" width=\"56\" height=\"63\"><\/div>\n<\/div>\n<div class=\"text\">\n<h3>Quand<\/h3>\n<p>TBD<br \/>&nbsp;<\/p>\n<\/div>\n<\/div>\n<\/div>\n<div class=\"col-xl-6\">\n<div class=\"single-box\">\n<div class=\"icon\">\n<p><img loading=\"lazy\" decoding=\"async\" class=\"attachment-full size-full\" src=\"https:\/\/dev.jfkfoundation.ca\/wp-content\/uploads\/2021\/06\/cause-2-bg.png\" alt=\"\" width=\"66\" height=\"61\"><\/p>\n<div class=\"icon-bg\"><img loading=\"lazy\" decoding=\"async\" class=\"attachment-full size-full\" src=\"https:\/\/dev.jfkfoundation.ca\/wp-content\/uploads\/2021\/06\/cause-2.png\" alt=\"\" width=\"50\" height=\"60\"><\/div>\n<\/div>\n<div class=\"text\">\n<h3>Faire un don<\/h3>\n<p>Vos dons contribueront \u00e0 un avenir plus sain.<\/p>\n<\/div>\n<\/div>\n<\/div>\n<div class=\"col-xl-6\">\n<div class=\"single-box\">\n<div class=\"icon\">\n<p><img loading=\"lazy\" decoding=\"async\" class=\"attachment-full size-full\" src=\"https:\/\/dev.jfkfoundation.ca\/wp-content\/uploads\/2021\/06\/cause-3-bg.png\" alt=\"\" width=\"66\" height=\"66\"><\/p>\n<div class=\"icon-bg\"><img loading=\"lazy\" decoding=\"async\" class=\"attachment-full size-full\" src=\"https:\/\/dev.jfkfoundation.ca\/wp-content\/uploads\/2021\/06\/cause-3.png\" alt=\"\" width=\"62\" height=\"62\"><\/div>\n<\/div>\n<div class=\"text\">\n<h3>S&#8217;inscrire<\/h3>\n<p>Joignez-vous \u00e0 nous et skiez avec votre famille pour une bonne cause!<\/p>\n<\/div>\n<\/div>\n<\/div>\n<\/div>\n<\/div>\n<\/div>\n<\/div>\n<\/div>\n<div class=\"elementor-element elementor-element-a7a549a elementor-widget elementor-widget-cause_details_box_four\" data-id=\"a7a549a\" data-element_type=\"widget\" data-widget_type=\"cause_details_box_four.default\">\n<div class=\"elementor-widget-container\">\n<div class=\"cause-details-text-box-4\">\n<div class=\"row\">\n<div class=\"col-xl-6\">\n<div class=\"text-box\">\n<div class=\"cause-details-title\">\n<h3>Retomb\u00e9es des 10 derni\u00e8res ann\u00e9esImpact over the last 10 years<\/h3>\n<div class=\"cause-details-title-shape \"><img loading=\"lazy\" decoding=\"async\" class=\"attachment-full size-full\" src=\"https:\/\/dev.jfkfoundation.ca\/wp-content\/uploads\/2021\/06\/cause-details-title-shape.png\" alt=\"\" width=\"63\" height=\"46\"><\/div>\n<\/div>\n<div class=\"text1\">\n<p>Gr\u00e2ce \u00e0 vous, cet \u00e9v\u00e9nement nous a permis de recueillir plus de 1,5 millions de dollars pour :<\/p>\n<ul>\n<li><span class=\"fa fa-check\" style=\"color:var(--thm-color-2)\"><\/span> Cr\u00e9er un fonds de dotation pour le service de chirurgie g\u00e9n\u00e9rale p\u00e9diatrique<\/li>\n<li><span class=\"fa fa-check\" style=\"color:var(--thm-color-2)\"><\/span> Construire une salle familiale dans le service d\u2019hospitalisation m\u00e9dico-chirurgicale<\/li>\n<li><span class=\"fa fa-check\" style=\"color:var(--thm-color-2)\"><\/span> Acqu\u00e9rir une couveuse Giraffe pour l\u2019unit\u00e9 de soins intensifs n\u00e9onatals<\/li>\n<li><span class=\"fa fa-check\" style=\"color:var(--thm-color-2)\"><\/span> Cr\u00e9er un fonds de dotation pour les professeurs invit\u00e9s<\/li>\n<\/ul>\n<p><!--\n\n<div class=\"text2\">\n\nCOVID-19 is more prone to the propagation of the virus in nations with a high population density than in countries with a lower population density. As a result, defeating the Corona virus is a major challenge for us\n\n\n\n<span style=\"font-weight: 400;\"><\/span>\n\n<\/div>\n\n\n-->\n<\/div>\n<\/div>\n<\/div>\n<div class=\"col-xl-6\">\n<div class=\"img-box\"><img loading=\"lazy\" decoding=\"async\" class=\"attachment-full size-full\" src=\"https:\/\/dev.jfkfoundation.ca\/wp-content\/uploads\/2024\/04\/ski-1.png\" alt=\"\" width=\"340\" height=\"300\"><\/div>\n<\/div>\n<\/div>\n<\/div>\n<\/div>\n<\/div>\n<div class=\"elementor-element elementor-element-1793793 elementor-widget elementor-widget-text-editor\" data-id=\"1793793\" data-element_type=\"widget\" data-widget_type=\"text-editor.default\">\n<div class=\"elementor-widget-container\">\n<p><span style=\"font-weight: 400;\">Nous esp\u00e9rons que vous vous joindrez \u00e0 nous en soutien \u00e0 cet \u00e9v\u00e9nement sp\u00e9cial afin d\u2019aider d&#8217;innombrables enfants et familles de notre communaut\u00e9.<br \/><\/span><\/p>\n<\/div>\n<\/div>\n<\/div>\n","protected":false},"excerpt":{"rendered":"<p>Un \u00e9v\u00e9nement familial et amical de collecte de fonds \u00e0 Mont-Blanc en soutien \u00e0 la fondation Pour enfants seulement. Une [&hellip;]<\/p>\n","protected":false},"author":1,"featured_media":5357,"comment_status":"closed","ping_status":"closed","sticky":false,"template":"","format":"standard","meta":{"_mo_disable_npp":"","footnotes":""},"categories":[35],"tags":[],"class_list":["post-6772","post","type-post","status-publish","format-standard","has-post-thumbnail","hentry","category-campagnes"],"_links":{"self":[{"href":"https:\/\/jfkfoundation.ca\/fr\/wp-json\/wp\/v2\/posts\/6772","targetHints":{"allow":["GET"]}}],"collection":[{"href":"https:\/\/jfkfoundation.ca\/fr\/wp-json\/wp\/v2\/posts"}],"about":[{"href":"https:\/\/jfkfoundation.ca\/fr\/wp-json\/wp\/v2\/types\/post"}],"author":[{"embeddable":true,"href":"https:\/\/jfkfoundation.ca\/fr\/wp-json\/wp\/v2\/users\/1"}],"replies":[{"embeddable":true,"href":"https:\/\/jfkfoundation.ca\/fr\/wp-json\/wp\/v2\/comments?post=6772"}],"version-history":[{"count":1,"href":"https:\/\/jfkfoundation.ca\/fr\/wp-json\/wp\/v2\/posts\/6772\/revisions"}],"predecessor-version":[{"id":6774,"href":"https:\/\/jfkfoundation.ca\/fr\/wp-json\/wp\/v2\/posts\/6772\/revisions\/6774"}],"wp:featuredmedia":[{"embeddable":true,"href":"https:\/\/jfkfoundation.ca\/fr\/wp-json\/wp\/v2\/media\/5357"}],"wp:attachment":[{"href":"https:\/\/jfkfoundation.ca\/fr\/wp-json\/wp\/v2\/media?parent=6772"}],"wp:term":[{"taxonomy":"category","embeddable":true,"href":"https:\/\/jfkfoundation.ca\/fr\/wp-json\/wp\/v2\/categories?post=6772"},{"taxonomy":"post_tag","embeddable":true,"href":"https:\/\/jfkfoundation.ca\/fr\/wp-json\/wp\/v2\/tags?post=6772"}],"curies":[{"name":"wp","href":"https:\/\/api.w.org\/{rel}","templated":true}]}}